{"id":2709,"date":"2024-05-04T09:54:33","date_gmt":"2024-05-04T07:54:33","guid":{"rendered":"https:\/\/renovablesbgp.cat\/installacio-fotovoltaica-per-autoconsum-de-5-kw\/"},"modified":"2024-06-25T14:07:17","modified_gmt":"2024-06-25T12:07:17","slug":"instalacion-fotovoltaica-de-autoconsumo-de-5-kw","status":"publish","type":"post","link":"https:\/\/renovablesbgp.cat\/es\/instalacion-fotovoltaica-de-autoconsumo-de-5-kw\/","title":{"rendered":"Instalaci\u00f3n Fotovoltaica de Autoconsumo de 5 kW a Olivella"},"content":{"rendered":"<p>El autoconsumo fotovoltaico consiste, b\u00e1sicamente, en la producci\u00f3n de electricidad para el consumo propio a trav\u00e9s de paneles solares fotovoltaicos, las instalaciones conectadas a la red est\u00e1n dise\u00f1adas para cubrir una parte del consumo el\u00e9ctrico y reducir en la medida de lo posible la importaci\u00f3n de energ\u00eda, consume directamente la energ\u00eda que le produce instalaci\u00f3n de autoconsumo el\u00e9ctrico y la energ\u00eda que no consume las viertas directamente a la distribuidora el\u00e9ctrica, y en el caso de energ\u00eda necesaria que le produce instalaci\u00f3n, las coger\u00edas tambi\u00e9n de la red. Con esta modalidad puede ahorrar desde un 50% en sus facturas de la luz.<\/p>\n<p>En esta vivienda se ha apostado por este sistema, instalaci\u00f3n de 11 paneles con inversor de 5 kW, para generar 5 kW\/h, y enviar todo el consumo diario en horas de incidencia solar hacia la vivienda, cubriendo la mayor parte del consumo de los aires acondicionados en verano.<\/p>\n<h3><strong>Instalaci\u00f3n efectuada en Olivella, Garraf, Barcelona<\/strong><\/h3>\n<p><img fetchpriority=\"high\" decoding=\"async\" class=\"aligncenter wp-image-2701 size-full\" src=\"https:\/\/renovablesbgp.cat\/wp-content\/uploads\/2024\/05\/1.1.jpeg\" alt=\"\" width=\"1024\" height=\"768\" srcset=\"https:\/\/renovablesbgp.cat\/wp-content\/uploads\/2024\/05\/1.1.jpeg 1024w, https:\/\/renovablesbgp.cat\/wp-content\/uploads\/2024\/05\/1.1-300x225.jpeg 300w, https:\/\/renovablesbgp.cat\/wp-content\/uploads\/2024\/05\/1.1-768x576.jpeg 768w\" sizes=\"(max-width: 1024px) 100vw, 1024px\" \/><\/p>\n<p><img decoding=\"async\" class=\"aligncenter wp-image-2703 size-full\" src=\"https:\/\/renovablesbgp.cat\/wp-content\/uploads\/2024\/05\/1.jpeg\" alt=\"\" width=\"1024\" height=\"768\" srcset=\"https:\/\/renovablesbgp.cat\/wp-content\/uploads\/2024\/05\/1.jpeg 1024w, https:\/\/renovablesbgp.cat\/wp-content\/uploads\/2024\/05\/1-300x225.jpeg 300w, https:\/\/renovablesbgp.cat\/wp-content\/uploads\/2024\/05\/1-768x576.jpeg 768w\" sizes=\"(max-width: 1024px) 100vw, 1024px\" \/><\/p>\n<p><img decoding=\"async\" class=\"aligncenter wp-image-2705 size-full\" src=\"https:\/\/renovablesbgp.cat\/wp-content\/uploads\/2024\/05\/2.jpeg\" alt=\"\" width=\"768\" height=\"1024\" srcset=\"https:\/\/renovablesbgp.cat\/wp-content\/uploads\/2024\/05\/2.jpeg 768w, https:\/\/renovablesbgp.cat\/wp-content\/uploads\/2024\/05\/2-225x300.jpeg 225w\" sizes=\"(max-width: 768px) 100vw, 768px\" \/><\/p>\n","protected":false},"excerpt":{"rendered":"<p>El autoconsumo fotovoltaico consiste, b\u00e1sicamente, en la producci\u00f3n de electricidad para el consumo propio a trav\u00e9s de paneles solares fotovoltaicos, las instalaciones conectadas a la red est\u00e1n dise\u00f1adas para cubrir una parte del consumo el\u00e9ctrico y reducir en la medida de lo posible la importaci\u00f3n de energ\u00eda, consume directamente la energ\u00eda que le produce instalaci\u00f3n [&hellip;]<\/p>\n","protected":false},"author":1,"featured_media":2702,"comment_status":"closed","ping_status":"open","sticky":false,"template":"","format":"standard","meta":{"_acf_changed":false,"footnotes":""},"categories":[18],"tags":[],"class_list":["post-2709","post","type-post","status-publish","format-standard","has-post-thumbnail","hentry","category-proyectos-es"],"acf":[],"_links":{"self":[{"href":"https:\/\/renovablesbgp.cat\/es\/wp-json\/wp\/v2\/posts\/2709","targetHints":{"allow":["GET"]}}],"collection":[{"href":"https:\/\/renovablesbgp.cat\/es\/wp-json\/wp\/v2\/posts"}],"about":[{"href":"https:\/\/renovablesbgp.cat\/es\/wp-json\/wp\/v2\/types\/post"}],"author":[{"embeddable":true,"href":"https:\/\/renovablesbgp.cat\/es\/wp-json\/wp\/v2\/users\/1"}],"replies":[{"embeddable":true,"href":"https:\/\/renovablesbgp.cat\/es\/wp-json\/wp\/v2\/comments?post=2709"}],"version-history":[{"count":5,"href":"https:\/\/renovablesbgp.cat\/es\/wp-json\/wp\/v2\/posts\/2709\/revisions"}],"predecessor-version":[{"id":3720,"href":"https:\/\/renovablesbgp.cat\/es\/wp-json\/wp\/v2\/posts\/2709\/revisions\/3720"}],"wp:featuredmedia":[{"embeddable":true,"href":"https:\/\/renovablesbgp.cat\/es\/wp-json\/wp\/v2\/media\/2702"}],"wp:attachment":[{"href":"https:\/\/renovablesbgp.cat\/es\/wp-json\/wp\/v2\/media?parent=2709"}],"wp:term":[{"taxonomy":"category","embeddable":true,"href":"https:\/\/renovablesbgp.cat\/es\/wp-json\/wp\/v2\/categories?post=2709"},{"taxonomy":"post_tag","embeddable":true,"href":"https:\/\/renovablesbgp.cat\/es\/wp-json\/wp\/v2\/tags?post=2709"}],"curies":[{"name":"wp","href":"https:\/\/api.w.org\/{rel}","templated":true}]}}