{"id":4728,"date":"2024-12-16T11:12:33","date_gmt":"2024-12-16T10:12:33","guid":{"rendered":"https:\/\/renovablesbgp.cat\/?p=4728"},"modified":"2024-12-16T11:16:13","modified_gmt":"2024-12-16T10:16:13","slug":"installacio-fotovoltaica-amb-aerotermia","status":"publish","type":"post","link":"https:\/\/renovablesbgp.cat\/es\/installacio-fotovoltaica-amb-aerotermia\/","title":{"rendered":"Instalaci\u00f3n Fotovoltaica Huawei Trif\u00e1sica de 4 kW con Aerotermia en La Bleda, Sant Mart\u00ed Sarroca"},"content":{"rendered":"<h2><strong>Instalaci\u00f3n Fotovoltaica Huawei Trif\u00e1sica de 4 kW con Aerotermia<\/strong><\/h2>\n<p>Hemos instalado un sistema solar avanzado que incluye 10 paneles fotovoltaicos de 455 Wp y un inversor\/cargador HUAWEI de 4 kW trif\u00e1sico. Este sistema no solo convierte la luz solar en electricidad, sino que tambi\u00e9n optimiza la energ\u00eda almacenada gracias a su capacidad h\u00edbrida con bater\u00edas.<\/p>\n<p>El inversor h\u00edbrido y cargador se adapta a diversas situaciones. Durante el d\u00eda, aprovecha la producci\u00f3n solar para alimentar tu hogar. Durante la noche o en ausencia de sol, puede conectarse a la red el\u00e9ctrica o a las bater\u00edas que hemos instalado, garantizando un suministro ininterrumpido.<\/p>\n<p>Para mejorar a\u00fan m\u00e1s la eficiencia y sostenibilidad, hemos instalado un equipo aerot\u00e9rmico Ecoforest de 12 kW con Gas R-290 y tecnolog\u00eda Inverter, que modula la potencia del 20% al 100%. Este sistema asegura un rendimiento \u00f3ptimo en todas las condiciones, manteniendo una temperatura de producci\u00f3n estable de hasta 75\u202f\u00b0C sin resistencias el\u00e9ctricas.<\/p>\n<p>Este hogar ha sustituido su antiguo sistema de calefacci\u00f3n el\u00e9ctrica, que era obsoleto y costoso de mantener. Hemos instalado un sistema bitubo con tuber\u00edas de cobre y 10 radiadores de aluminio con 87 elementos, asegurando una distribuci\u00f3n uniforme del calor. Tambi\u00e9n hemos instalado un dep\u00f3sito de Agua Caliente Sanitaria (ACS) de 200 litros para garantizar su disponibilidad constante.<\/p>\n<p>Con el poder del sol y la tecnolog\u00eda m\u00e1s avanzada, podemos convertir tu hogar en un espacio eficiente, sostenible y confortable.<\/p>\n<p>Esta instalaci\u00f3n se ha realizado en La Bleda, Sant Mart\u00ed Sarroca, Alt Pened\u00e8s, Barcelona.<\/p>\n<p><img fetchpriority=\"high\" decoding=\"async\" class=\"aligncenter wp-image-3090 \" src=\"https:\/\/renovablesbgp.cat\/wp-content\/uploads\/2024\/06\/2-4.jpeg\" alt=\"\" width=\"520\" height=\"694\" srcset=\"https:\/\/renovablesbgp.cat\/wp-content\/uploads\/2024\/06\/2-4.jpeg 1536w, https:\/\/renovablesbgp.cat\/wp-content\/uploads\/2024\/06\/2-4-225x300.jpeg 225w, https:\/\/renovablesbgp.cat\/wp-content\/uploads\/2024\/06\/2-4-768x1024.jpeg 768w, https:\/\/renovablesbgp.cat\/wp-content\/uploads\/2024\/06\/2-4-1152x1536.jpeg 1152w\" sizes=\"(max-width: 520px) 100vw, 520px\" \/><\/p>\n<p><img decoding=\"async\" class=\"aligncenter wp-image-3088 \" src=\"https:\/\/renovablesbgp.cat\/wp-content\/uploads\/2024\/06\/1-4-e1718031199854-537x1024.jpeg\" alt=\"\" width=\"525\" height=\"1001\" srcset=\"https:\/\/renovablesbgp.cat\/wp-content\/uploads\/2024\/06\/1-4-e1718031199854-537x1024.jpeg 537w, https:\/\/renovablesbgp.cat\/wp-content\/uploads\/2024\/06\/1-4-e1718031199854-157x300.jpeg 157w, https:\/\/renovablesbgp.cat\/wp-content\/uploads\/2024\/06\/1-4-e1718031199854-768x1466.jpeg 768w, https:\/\/renovablesbgp.cat\/wp-content\/uploads\/2024\/06\/1-4-e1718031199854-805x1536.jpeg 805w, https:\/\/renovablesbgp.cat\/wp-content\/uploads\/2024\/06\/1-4-e1718031199854.jpeg 1071w\" sizes=\"(max-width: 525px) 100vw, 525px\" \/><\/p>\n<p><img decoding=\"async\" class=\"aligncenter wp-image-3094 \" src=\"https:\/\/renovablesbgp.cat\/wp-content\/uploads\/2024\/06\/4-2.jpeg\" alt=\"\" width=\"519\" height=\"389\" srcset=\"https:\/\/renovablesbgp.cat\/wp-content\/uploads\/2024\/06\/4-2.jpeg 1024w, https:\/\/renovablesbgp.cat\/wp-content\/uploads\/2024\/06\/4-2-300x225.jpeg 300w, https:\/\/renovablesbgp.cat\/wp-content\/uploads\/2024\/06\/4-2-768x576.jpeg 768w\" sizes=\"(max-width: 519px) 100vw, 519px\" \/><\/p>\n<p><img loading=\"lazy\" decoding=\"async\" class=\"aligncenter wp-image-3096 \" src=\"https:\/\/renovablesbgp.cat\/wp-content\/uploads\/2024\/06\/5.jpeg\" alt=\"\" width=\"524\" height=\"698\" srcset=\"https:\/\/renovablesbgp.cat\/wp-content\/uploads\/2024\/06\/5.jpeg 768w, https:\/\/renovablesbgp.cat\/wp-content\/uploads\/2024\/06\/5-225x300.jpeg 225w\" sizes=\"(max-width: 524px) 100vw, 524px\" \/><\/p>\n<p><img loading=\"lazy\" decoding=\"async\" class=\"wp-image-3381 aligncenter\" src=\"https:\/\/renovablesbgp.cat\/wp-content\/uploads\/2024\/06\/20231026_140653-scaled.jpg\" alt=\"\" width=\"519\" height=\"1151\" srcset=\"https:\/\/renovablesbgp.cat\/wp-content\/uploads\/2024\/06\/20231026_140653-scaled.jpg 1154w, https:\/\/renovablesbgp.cat\/wp-content\/uploads\/2024\/06\/20231026_140653-135x300.jpg 135w, https:\/\/renovablesbgp.cat\/wp-content\/uploads\/2024\/06\/20231026_140653-462x1024.jpg 462w, https:\/\/renovablesbgp.cat\/wp-content\/uploads\/2024\/06\/20231026_140653-768x1704.jpg 768w, https:\/\/renovablesbgp.cat\/wp-content\/uploads\/2024\/06\/20231026_140653-692x1536.jpg 692w, https:\/\/renovablesbgp.cat\/wp-content\/uploads\/2024\/06\/20231026_140653-923x2048.jpg 923w\" sizes=\"(max-width: 519px) 100vw, 519px\" \/><\/p>\n","protected":false},"excerpt":{"rendered":"<p>Instalaci\u00f3n Fotovoltaica Huawei Trif\u00e1sica de 4 kW con Aerotermia Hemos instalado un sistema solar avanzado que incluye 10 paneles fotovoltaicos de 455 Wp y un inversor\/cargador HUAWEI de 4 kW trif\u00e1sico. Este sistema no solo convierte la luz solar en electricidad, sino que tambi\u00e9n optimiza la energ\u00eda almacenada gracias a su capacidad h\u00edbrida con bater\u00edas. [&hellip;]<\/p>\n","protected":false},"author":1,"featured_media":3095,"comment_status":"closed","ping_status":"open","sticky":false,"template":"","format":"standard","meta":{"_acf_changed":false,"footnotes":""},"categories":[18],"tags":[29],"class_list":["post-4728","post","type-post","status-publish","format-standard","has-post-thumbnail","hentry","category-proyectos-es","tag-aerotermia-i-fotovoltaica-es"],"acf":[],"_links":{"self":[{"href":"https:\/\/renovablesbgp.cat\/es\/wp-json\/wp\/v2\/posts\/4728","targetHints":{"allow":["GET"]}}],"collection":[{"href":"https:\/\/renovablesbgp.cat\/es\/wp-json\/wp\/v2\/posts"}],"about":[{"href":"https:\/\/renovablesbgp.cat\/es\/wp-json\/wp\/v2\/types\/post"}],"author":[{"embeddable":true,"href":"https:\/\/renovablesbgp.cat\/es\/wp-json\/wp\/v2\/users\/1"}],"replies":[{"embeddable":true,"href":"https:\/\/renovablesbgp.cat\/es\/wp-json\/wp\/v2\/comments?post=4728"}],"version-history":[{"count":4,"href":"https:\/\/renovablesbgp.cat\/es\/wp-json\/wp\/v2\/posts\/4728\/revisions"}],"predecessor-version":[{"id":4732,"href":"https:\/\/renovablesbgp.cat\/es\/wp-json\/wp\/v2\/posts\/4728\/revisions\/4732"}],"wp:featuredmedia":[{"embeddable":true,"href":"https:\/\/renovablesbgp.cat\/es\/wp-json\/wp\/v2\/media\/3095"}],"wp:attachment":[{"href":"https:\/\/renovablesbgp.cat\/es\/wp-json\/wp\/v2\/media?parent=4728"}],"wp:term":[{"taxonomy":"category","embeddable":true,"href":"https:\/\/renovablesbgp.cat\/es\/wp-json\/wp\/v2\/categories?post=4728"},{"taxonomy":"post_tag","embeddable":true,"href":"https:\/\/renovablesbgp.cat\/es\/wp-json\/wp\/v2\/tags?post=4728"}],"curies":[{"name":"wp","href":"https:\/\/api.w.org\/{rel}","templated":true}]}}