{"id":4736,"date":"2024-12-16T11:28:51","date_gmt":"2024-12-16T10:28:51","guid":{"rendered":"https:\/\/renovablesbgp.cat\/?p=4736"},"modified":"2024-12-16T11:28:52","modified_gmt":"2024-12-16T10:28:52","slug":"caldera-de-pellet-rtb","status":"publish","type":"post","link":"https:\/\/renovablesbgp.cat\/es\/caldera-de-pellet-rtb\/","title":{"rendered":"Caldera de Pellet RTB 50 kW"},"content":{"rendered":"<h2 class=\"p1\"><b>Caldera de Pellet RTB<\/b><b><\/b><\/h2>\n<p class=\"p1\">En esta vivienda, el cliente ha llevado a cabo una transformaci\u00f3n significativa en su sistema de calefacci\u00f3n, sustituyendo una antigua caldera de gas\u00f3leo por una moderna caldera de biomasa RTB de 50 kW de capacidad, fabricada en Dinamarca. Esta decisi\u00f3n no solo refleja un firme compromiso con la eficiencia energ\u00e9tica, sino tambi\u00e9n con la sostenibilidad y el respeto al medio ambiente.<\/p>\n<p class=\"p1\">La caldera de pellet RTB es una soluci\u00f3n innovadora que utiliza biomasa como fuente de energ\u00eda renovable. Los pellets, fabricados a partir de residuos de madera y otros materiales vegetales, ofrecen una combusti\u00f3n mucho m\u00e1s limpia y eficiente en comparaci\u00f3n con los combustibles f\u00f3siles tradicionales. Esto permite reducir las emisiones contaminantes y el impacto ambiental, contribuyendo a un futuro m\u00e1s verde.<\/p>\n<p class=\"p1\"><b>Caracter\u00edsticas Principales de la Caldera RTB<\/b><b><\/b><\/p>\n<p class=\"p3\">\u2022<b>Alta Potencia y Eficiencia<\/b>: Con 50 kW de potencia, esta caldera es ideal para viviendas que requieren una gran capacidad de calefacci\u00f3n. Dise\u00f1ada en Dinamarca, destaca por su robustez, fiabilidad y facilidad de uso.<\/p>\n<p class=\"p3\">\u2022<b>Limpieza Autom\u00e1tica<\/b>: Incluye sistemas de limpieza autom\u00e1tica del quemador y los pasos de humo, lo que asegura un funcionamiento \u00f3ptimo con un mantenimiento m\u00ednimo.<\/p>\n<p class=\"p3\">\u2022<b>Gesti\u00f3n Remota<\/b>: Gracias al control por Internet, el cliente y el Servicio de Asistencia T\u00e9cnica (SAT) pueden monitorizar y ajustar la caldera desde cualquier lugar, proporcionando una comodidad adicional y un control total desde el dispositivo m\u00f3vil.<\/p>\n<p class=\"p3\">\u2022<b>Pantalla T\u00e1ctil Intuitiva<\/b>: Equipado con una pantalla t\u00e1ctil de 7 pulgadas, el sistema permite un acceso r\u00e1pido a todas las funciones y ajustes, facilitando la gesti\u00f3n directa y la optimizaci\u00f3n del sistema de calefacci\u00f3n.<\/p>\n<p class=\"p3\">\u2022<b>Extracci\u00f3n Autom\u00e1tica de Cenizas<\/b>: Simplifica el mantenimiento al m\u00ednimo, aumentando la comodidad del usuario.<\/p>\n<p class=\"p1\"><b>Sistema de Agua Caliente Sanitaria (ACS)<\/b><b><\/b><\/p>\n<p class=\"p1\">Junto con la caldera de 50 kW, se ha instalado un dep\u00f3sito de 150 litros para agua caliente sanitaria (ACS), garantizando un suministro constante para todas las necesidades dom\u00e9sticas. Esto asegura que los residentes siempre dispongan de suficiente agua caliente, incluso durante los momentos de mayor demanda.<\/p>\n<p class=\"p1\">El dep\u00f3sito de ACS se integra perfectamente con el sistema de calefacci\u00f3n, creando una soluci\u00f3n completa para el confort y funcionalidad del hogar.<\/p>\n<p class=\"p1\"><b>Beneficios de la Instalaci\u00f3n<\/b><b><\/b><\/p>\n<p class=\"p3\">\u2022<b>Eficiencia Energ\u00e9tica<\/b>: Reducci\u00f3n significativa del consumo energ\u00e9tico y los costes operativos.<\/p>\n<p class=\"p3\">\u2022<b>Sostenibilidad<\/b>: Una alternativa ecol\u00f3gica que contribuye a la disminuci\u00f3n de las emisiones de CO\u2082.<\/p>\n<p class=\"p3\">\u2022<b>Confort Garantizado<\/b>: Un sistema fiable y moderno que asegura un hogar c\u00e1lido y c\u00f3modo durante todo el a\u00f1o.<\/p>\n<p class=\"p1\"><b>Instalaci\u00f3n en La Font del Bosc, Mediona, Alt Pened\u00e8s<\/b><b><\/b><\/p>\n<p class=\"p1\">Con la instalaci\u00f3n de esta caldera de pellet RTB y el dep\u00f3sito de ACS, esta vivienda ha dado un paso adelante hacia la sostenibilidad y la eficiencia energ\u00e9tica. Este cambio no solo representa un ahorro a largo plazo, sino tambi\u00e9n un compromiso con un futuro m\u00e1s limpio y ecol\u00f3gico.<\/p>\n<p class=\"p1\"><b>Conf\u00eda en nuestros expertos<\/b> para una instalaci\u00f3n profesional y un soporte t\u00e9cnico continuo, asegurando el m\u00e1ximo rendimiento de tu sistema de calefacci\u00f3n y agua caliente.<\/p>\n<p>&nbsp;<\/p>\n<p><img fetchpriority=\"high\" decoding=\"async\" class=\"aligncenter wp-image-2961 size-large\" src=\"https:\/\/renovablesbgp.cat\/wp-content\/uploads\/2024\/06\/1-768x1024.jpg\" alt=\"\" width=\"768\" height=\"1024\" srcset=\"https:\/\/renovablesbgp.cat\/wp-content\/uploads\/2024\/06\/1-768x1024.jpg 768w, https:\/\/renovablesbgp.cat\/wp-content\/uploads\/2024\/06\/1-225x300.jpg 225w, https:\/\/renovablesbgp.cat\/wp-content\/uploads\/2024\/06\/1-1152x1536.jpg 1152w, https:\/\/renovablesbgp.cat\/wp-content\/uploads\/2024\/06\/1.jpg 1200w\" sizes=\"(max-width: 768px) 100vw, 768px\" \/><\/p>\n<p><img decoding=\"async\" class=\"aligncenter wp-image-2967 size-large\" src=\"https:\/\/renovablesbgp.cat\/wp-content\/uploads\/2024\/06\/Imagen-de-WhatsApp-2022-10-28-a-las-17.50.25-768x1024.jpg\" alt=\"\" width=\"768\" height=\"1024\" srcset=\"https:\/\/renovablesbgp.cat\/wp-content\/uploads\/2024\/06\/Imagen-de-WhatsApp-2022-10-28-a-las-17.50.25-768x1024.jpg 768w, https:\/\/renovablesbgp.cat\/wp-content\/uploads\/2024\/06\/Imagen-de-WhatsApp-2022-10-28-a-las-17.50.25-225x300.jpg 225w, https:\/\/renovablesbgp.cat\/wp-content\/uploads\/2024\/06\/Imagen-de-WhatsApp-2022-10-28-a-las-17.50.25-1152x1536.jpg 1152w, https:\/\/renovablesbgp.cat\/wp-content\/uploads\/2024\/06\/Imagen-de-WhatsApp-2022-10-28-a-las-17.50.25.jpg 1200w\" sizes=\"(max-width: 768px) 100vw, 768px\" \/><\/p>\n<p><img decoding=\"async\" class=\"aligncenter wp-image-2969 \" src=\"https:\/\/renovablesbgp.cat\/wp-content\/uploads\/2024\/06\/La-Font-dels-Bosc.jpg\" alt=\"\" width=\"768\" height=\"576\" srcset=\"https:\/\/renovablesbgp.cat\/wp-content\/uploads\/2024\/06\/La-Font-dels-Bosc.jpg 1024w, https:\/\/renovablesbgp.cat\/wp-content\/uploads\/2024\/06\/La-Font-dels-Bosc-300x225.jpg 300w, https:\/\/renovablesbgp.cat\/wp-content\/uploads\/2024\/06\/La-Font-dels-Bosc-768x576.jpg 768w\" sizes=\"(max-width: 768px) 100vw, 768px\" \/><\/p>\n<p>&nbsp;<\/p>\n","protected":false},"excerpt":{"rendered":"<p>Caldera de Pellet RTB En esta vivienda, el cliente ha llevado a cabo una transformaci\u00f3n significativa en su sistema de calefacci\u00f3n, sustituyendo una antigua caldera de gas\u00f3leo por una moderna caldera de biomasa RTB de 50 kW de capacidad, fabricada en Dinamarca. Esta decisi\u00f3n no solo refleja un firme compromiso con la eficiencia energ\u00e9tica, sino [&hellip;]<\/p>\n","protected":false},"author":1,"featured_media":2968,"comment_status":"closed","ping_status":"open","sticky":false,"template":"","format":"standard","meta":{"_acf_changed":false,"footnotes":""},"categories":[18],"tags":[31],"class_list":["post-4736","post","type-post","status-publish","format-standard","has-post-thumbnail","hentry","category-proyectos-es","tag-biomassa-caldera-es"],"acf":[],"_links":{"self":[{"href":"https:\/\/renovablesbgp.cat\/es\/wp-json\/wp\/v2\/posts\/4736","targetHints":{"allow":["GET"]}}],"collection":[{"href":"https:\/\/renovablesbgp.cat\/es\/wp-json\/wp\/v2\/posts"}],"about":[{"href":"https:\/\/renovablesbgp.cat\/es\/wp-json\/wp\/v2\/types\/post"}],"author":[{"embeddable":true,"href":"https:\/\/renovablesbgp.cat\/es\/wp-json\/wp\/v2\/users\/1"}],"replies":[{"embeddable":true,"href":"https:\/\/renovablesbgp.cat\/es\/wp-json\/wp\/v2\/comments?post=4736"}],"version-history":[{"count":2,"href":"https:\/\/renovablesbgp.cat\/es\/wp-json\/wp\/v2\/posts\/4736\/revisions"}],"predecessor-version":[{"id":4738,"href":"https:\/\/renovablesbgp.cat\/es\/wp-json\/wp\/v2\/posts\/4736\/revisions\/4738"}],"wp:featuredmedia":[{"embeddable":true,"href":"https:\/\/renovablesbgp.cat\/es\/wp-json\/wp\/v2\/media\/2968"}],"wp:attachment":[{"href":"https:\/\/renovablesbgp.cat\/es\/wp-json\/wp\/v2\/media?parent=4736"}],"wp:term":[{"taxonomy":"category","embeddable":true,"href":"https:\/\/renovablesbgp.cat\/es\/wp-json\/wp\/v2\/categories?post=4736"},{"taxonomy":"post_tag","embeddable":true,"href":"https:\/\/renovablesbgp.cat\/es\/wp-json\/wp\/v2\/tags?post=4736"}],"curies":[{"name":"wp","href":"https:\/\/api.w.org\/{rel}","templated":true}]}}